{"id":848,"date":"2011-08-10T13:08:46","date_gmt":"2011-08-10T11:08:46","guid":{"rendered":"http:\/\/hb.gracz.pro\/?p=848"},"modified":"2016-11-14T10:50:31","modified_gmt":"2016-11-14T09:50:31","slug":"masuria-2011","status":"publish","type":"post","link":"http:\/\/hb.gracz.pro\/pl\/2011\/08\/848\/masuria-2011\/","title":{"rendered":"Mazury 2011"},"content":{"rendered":"<p>Na lato 2011 z dawien dawna mieli\u015bmy zaplanowane wakacje we dwoje. M\u00f3j gotowy dyplom mia\u0142 czeka\u0107 na obron\u0119 podczas gdy Hanne i ja b\u0119dziemy si\u0119 wygrzewa\u0107 w Chorwacji. Joka, organizacja Caritas skupiaj\u0105ca wolontariuszy pomagaj\u0105cych w domach dla os\u00f3b starszych, zaproponowa\u0142a swojej weterance &#8211; mojej Hanne &#8211; 10-dniowy wyjazd na wolontariat do Izraela, w sierpniu, w drugiej po\u0142owie jej urlopu. To okazja &#8211; wyjazd by\u0142 w ca\u0142o\u015bci bezp\u0142atny. Powiedzia\u0142em Hanne: &#8222;Jed\u017a!&#8221;. Czas jaki mieli\u015bmy przeznaczony na nasze egzotyczne wakacje skr\u00f3ci\u0142 si\u0119 do 10 dni. Planowana trasa do Chorwacji wiod\u0142a przez Polsk\u0119. W \u0141odzi samoch\u00f3d Hanne mia\u0142 by\u0107 wyposa\u017cony w instalacj\u0119 gazow\u0105 LPG. Policzywszy wszystko raz jeszcze wysz\u0142o, \u017ce wakacje zamiast na odpoczynku sp\u0119dzimy w samochodzie. By\u0142 koniec maja &#8211; na zmian\u0119 plan\u00f3w nie by\u0142o jeszcze za p\u00f3\u017ano.<\/p>\n<p>Mo\u017ce co\u015b bli\u017cej \u0141odzi??? Bior\u0105c pod uwag\u0119 nasze marynistyczne plany mieszkaniowe na przysz\u0142o\u015b\u0107 wpad\u0142em na pomys\u0142, \u017ce mi\u0142o by\u0142oby odwiedzi\u0107 Mazury i troch\u0119 po\u017ceglowa\u0107 po znajomych szuwarach. Tam jeszcze nas razem, Bronka &#038; Hanne nie by\u0142o. Hanne mog\u0142aby te\u017c zobaczy\u0107 wreszcie jak to jest kiedy pok\u0142ad si\u0119 kiwa.<\/p>\n<p>Ekipa do \u017ceglowania skrzykn\u0119\u0142a si\u0119 jak zwykle spontanicznie i szybko. Na pocz\u0105tku czerwca wydawa\u0142o si\u0119, \u017ce p\u0142ywa\u0107 b\u0119dziemy ca\u0142\u0105 flotyll\u0105. Ostatecznie stan\u0119\u0142o na dw\u00f3ch sporych (jak na Mazury) \u0142ajbach wypo\u017cyczonych z\u00a0<a title=\"Marina Evelyn - Pensjonat, Restauracja, Czarter\" href=\"http:\/\/www.evelyn.com.pl\" target=\"_blank\">Mariny Evelyn<\/a>\u00a0w Bogaczewie k. Gi\u017cycka. Wp\u0142acili\u015bmy zaliczki, podpisali\u015bmy umowy czarterowe i zosta\u0142o tylko czeka\u0107 na 23 lipca. W ostatecznym sk\u0142adzie ekipy znale\u017ali si\u0119 znajomi Bronka: Maciek i Asia, \u0141ukasz i Paula oraz Staszek i jego znajomy ze studi\u00f3w Kamil z Gosi\u0105. Od strony Ma\u0107ka do\u0142\u0105czy\u0142 do nas Maruda z Sylwi\u0105, od Asi do\u0142\u0105czy\u0142a do nas Karolina. Na miejscu okaza\u0142o si\u0119, \u017ce po\u017cegluje z nami r\u00f3wnie\u017c brat Gosi &#8211; Patryk. Razem ze mn\u0105 i Hanne 13 os\u00f3b.<\/p>\n<p>Czas do rejsu up\u0142yn\u0105\u0142 szybko. 13 lipca pojecha\u0142em do Hanne, by potem razem przyprowadzi\u0107 auto do \u0142\u00f3dzkiego gaziarza. Zakupiwszy nowe gumowe spodnie, sanda\u0142y i par\u0119 innych niezb\u0119dnych rzeczy typu plastikowa mapa, baterie itd. ruszli\u015bmy. Nowa instalacja w samochodzie Hanne o dziwo po drodze nie wybuch\u0142a. Wykonawc\u0105 instalacji LPG w samochodzie by\u0142a\u00a0<a title=\"Samochodowe Instalacje Gazowe LPG Nagaz Stefanowski\" href=\"http:\/\/www.nagaz.pl\" target=\"_blank\">solidna \u0142\u00f3dzka firma<\/a>. Na p\u00f3\u017aniej pozostawili\u015bmy sobie przyjemno\u015bci zwi\u0105zane z dopinaniem procedur zmierzaj\u0105cych do wstemplowania instalacji w Belgijski dow\u00f3d rejestracyjny&#8230;<\/p>\n<p>Po drodze trenowa\u0142em asertywno\u015b\u0107. Przez samoch\u00f3d byli\u015bmy nieco sp\u00f3\u017anieni i na miejsce gdzie czeka\u0142y ju\u017c pal\u0105ce si\u0119 do \u017ceglugi za\u0142ogi\u00a0mieli\u015bmy dotrze\u0107 punkt o zachodzie s\u0142o\u0144ca. Ani mi si\u0119 \u015bni\u0142o wyp\u0142ywa\u0107 po ciemku &#8211; co za G\u0141UPI pomys\u0142. \ud83d\ude42 Gdy dotarli\u015bmy na miejsce Hanne zda\u0142a si\u0119 lekko onie\u015bmielona jachtem. Zadeklarowa\u0142a, \u017ce b\u0119dzie mi podawa\u0107 rzeczy z brzegu. OK. Zaokr\u0119towawszy si\u0119 i wyraziwszy twardy sprzeciw \u017ceglarskim tu\u0142aczkom po mazurskim zmroku przyst\u0105pili\u015bmy do ogl\u0119dzin stanu butelek z w\u00f3dk\u0105 oraz innych specyfik\u00f3w.<\/p>\n<p>Za\u0142odze w sk\u0142adzie Ja, Hanne, \u0141ukasz, Paula i Staszek (p\u00f3\u017aniej do\u0142\u0105czyli do nas Kamil i Gosia) przypad\u0142a Evelyn 2 czyli Antila 26. Cz\u0119\u015b\u0107 ekipy z Ma\u0107kiem i Marud\u0105 zaj\u0119\u0142a Evelyn 4 czyli Janmora 28. Obie \u0142\u00f3dki by\u0142y \u015bwie\u017ce, czyste i wszechstronnie wyposa\u017cone. Z osprz\u0119tu \u017ceglarskiego posiada\u0142y: lazy jacki, patenty do k\u0142adzenia masztu, rolfoki, wygodne knagi, kabestany z korbami oraz silniki. Evelyn 4 mia\u0142a mocny silnik stacjonarny. Okaza\u0142 si\u0119 on jednak by\u0107 paliwo\u017cerny i uniemo\u017cliwia\u0107 cumowanie ruf\u0105 w p\u0142ytkich miejscach. Pod pok\u0142adem za\u015b by\u0142y chemiczne kingstony, wyposa\u017cone kambuzy, radia. Antila posiada\u0142a nawet gazow\u0105 lod\u00f3wk\u0119. Wn\u0119trza obu \u0142\u00f3dek poprzedzielane by\u0142y drzwiczkami co zapewnia\u0142o wi\u0119kszy komfort i prywatno\u015b\u0107. \u0141\u0105czno\u015b\u0107 mi\u0119dzy \u0142\u00f3dkami w miar\u0119 mo\u017cliwo\u015bci i odleg\u0142o\u015bci zapewnia\u0142y przywiezione przez nas dwie kr\u00f3tkofal\u00f3wki systemu PMR.<\/p>\n<p>Co si\u0119 tyczy \u017ceglowania, nieco ostrzej p\u0142ywaj\u0105ca Antila 26 wykaza\u0142a si\u0119 wi\u0119ksz\u0105 czu\u0142o\u015bci\u0105 na s\u0142abszy wietrzyk, Janmor 28 za\u015b wi\u0119ksz\u0105 pr\u0119dko\u015bci\u0105 przy wietrze silniejszym. Janmor p\u0142ywa\u0142 nieco szybciej tak\u017ce dla tego, \u017ce jego za\u0142oga mia\u0142a tendencj\u0119 do wstawania i wyp\u0142ywania wcze\u015bniej. \ud83d\ude09 Antila mia\u0142a 26 st\u00f3p czyli 780 cm d\u0142ugo\u015bci i 30 m2 \u017cagli, 28 stopowy Janmor mia\u0142 840 cm d\u0142ugo\u015bci i 40 m2 \u017cagli. Janmorowi doskwiera\u0142o wi\u0119ksze zanurzenie &#8211; na dziko cumowa\u0142 do naszej rufy, b\u0105d\u017a na ko\u0144cu kejki. Obu za\u0142ogom uda\u0142o si\u0119 pobru\u017adzi\u0107 dno mazur mieczem.<\/p>\n<p>Trasa powiod\u0142a nas z Bogaczewa, przez Miko\u0142ajki, Zatok\u0119 Kaczerajno, Kul\u0119, Sztynort i Mamerki. W 7 dni zdo\u0142ali\u015bmy odwiedzi\u0107 zar\u00f3wno po\u0142udniowy jak i p\u00f3\u0142nocny kraniec szlaku Wielkich Jezior Mazurskich. Wracaj\u0105c z Kaczerajna w stron\u0119 Kuli zgarn\u0119li\u015bmy w Miko\u0142ajkach sp\u00f3\u017anionych Kamila, Gosi\u0119 i jej brata Patryka.<\/p>\n<p>Hanne szybko wyzby\u0142a si\u0119 swojej nie\u015bmia\u0142o\u015bci do \u0142\u00f3dki. U steru Evelyn 2 zasiadali g\u0142\u00f3wnie \u0141ukasz (Captain, Captain, Captain), Bronek (Captain), Hanne (Majtek Bow String) a tak\u017ce chwilami Staszek (Captain, Captain). Z uwagi na Hanne wypracowali\u015bmy sobie specyficzne s\u0142ownictwo. Na \u0142\u00f3dce s\u0142ycha\u0107 by\u0142o takie sformu\u0142owania jak &#8222;sword&#8221; czyli miecz, lub PULL UP stosowane jako komenda na topenant\u0119 i lazy jacka czy wspomniany sword. \u0141ukasz serwowa\u0142 te\u017c mikstury typu &#8222;maybe nawet&#8221;.<\/p>\n<p>Og\u00f3\u0142em kupa \u015bmiechu. Codziennie rano k\u0105pali\u015bmy si\u0119 w jeziorze, za dnia \u017ceglowali\u015bmy, wieczorem pili\u015bmy piwo, \u015bpiewali\u015bmy przy ognisku, \u0142owili\u015bmy ryby, grali\u015bmy w gry b\u0105d\u017a robili\u015bmy wszystko to naraz.<\/p>\n<p>30 lipca, po 7 dniach rejsu byli\u015bmy z powrotem w Bogaczewie i przyszed\u0142 czas na klar i po\u017cegnanie z \u0142\u00f3dkami. Odzyskawszy kaucj\u0119 skierowali\u015bmy si\u0119 jeszcze z Hanne, Paul\u0105, \u0141ukaszem i Staszkiem do\u00a0<a title=\"Signor Caffettano - restauracja w\u0142oska Kozin Gi\u017cycko Mazury\" href=\"http:\/\/www.caffettano.pl\/\">Signor Caffetano<\/a>\u00a0&#8211; po\u0142o\u017conej nieopodal Mariny Evelyn\u00a0<a title=\"Signor Caffettano - restauracja w\u0142oska Kozin Gi\u017cycko Mazury\" href=\"http:\/\/www.dailymotion.com\/video\/x74sro_kozin-mazury-restauracja-wyoska-sai_lifestyle\">restauracji w\u0142oskiej<\/a>. Wyb\u00f3r miejsca na po\u017cegnalny obiadek okaza\u0142 si\u0119 przedni! Posiliwszy si\u0119 \u0141ukasz, Paula i Staszek ruszyli w drog\u0119. Ja i Hanne korzystaj\u0105c z pi\u0119knej pogody raz jeszcze wskoczyli\u015bmy do jeziora i r\u00f3wnie\u017c pognali\u015bmy do \u0141odzi.<\/p>\n<p><!-- index.php -->\n<div\n\tclass=\"ngg-galleryoverview ngg-ajax-pagination-none\"\n\tid=\"ngg-gallery-fadce6f9de1339f039a774b6fc3e74e3-1\">\n\n    \t<div class=\"slideshowlink\">\n        <a href='http:\/\/hb.gracz.pro\/pl\/2011\/08\/848\/masuria-2011\/nggallery\/slideshow'>[Show slideshow]<\/a>\n\t\t\n\t<\/div>\n\t\t\t<!-- Thumbnails -->\n\t\t\t\t<div id=\"ngg-image-0\" class=\"ngg-gallery-thumbnail-box\" >\n\t\t\t\t        <div class=\"ngg-gallery-thumbnail\">\n            <a href=\"http:\/\/hb.gracz.pro\/wp-content\/gallery\/mazury-2011\/mazury-2011-01.jpg\"\n               title=\"Bronek i staszek pod pok\u00c5\u201aadem\"\n               data-src=\"http:\/\/hb.gracz.pro\/wp-content\/gallery\/mazury-2011\/mazury-2011-01.jpg\"\n               data-thumbnail=\"http:\/\/hb.gracz.pro\/wp-content\/gallery\/mazury-2011\/thumbs\/thumbs_mazury-2011-01.jpg\"\n               data-image-id=\"1593\"\n               data-title=\"Bronek i staszek pod pok\u00c5\u201aadem\"\n               data-description=\"Bronek i staszek pod pok\u00c5\u201aadem\"\n               data-image-slug=\"staszek-and-bronek-under-the-deck\"\n               class=\"ngg-fancybox\" rel=\"fadce6f9de1339f039a774b6fc3e74e3\">\n                <img class=\"colorbox-848\" \n                    title=\"Bronek i staszek pod pok\u00c5\u201aadem\"\n                    alt=\"Bronek i staszek pod pok\u00c5\u201aadem\"\n                    src=\"http:\/\/hb.gracz.pro\/wp-content\/gallery\/mazury-2011\/thumbs\/thumbs_mazury-2011-01.jpg\"\n                    width=\"100\"\n                    height=\"75\"\n                    style=\"max-width:100%;\"\n                \/>\n            <\/a>\n        <\/div>\n\t\t\t\t\t\t\t<\/div> \n\t\t\t\n        \n\t\t\t\t<div id=\"ngg-image-1\" class=\"ngg-gallery-thumbnail-box\" >\n\t\t\t\t        <div class=\"ngg-gallery-thumbnail\">\n            <a href=\"http:\/\/hb.gracz.pro\/wp-content\/gallery\/mazury-2011\/mazury-2011-010.jpg\"\n               title=\"1-wszy dzie\u00c5\u201e \u00c5\u00bceglowania - kierunek Miko\u00c5\u201aajki\"\n               data-src=\"http:\/\/hb.gracz.pro\/wp-content\/gallery\/mazury-2011\/mazury-2011-010.jpg\"\n               data-thumbnail=\"http:\/\/hb.gracz.pro\/wp-content\/gallery\/mazury-2011\/thumbs\/thumbs_mazury-2011-010.jpg\"\n               data-image-id=\"1594\"\n               data-title=\"1-wszy dzie\u00c5\u201e \u00c5\u00bceglowania - kierunek Miko\u00c5\u201aajki\"\n               data-description=\"1-wszy dzie\u00c5\u201e \u00c5\u00bceglowania - kierunek Miko\u00c5\u201aajki\"\n               data-image-slug=\"1st-day-sailing-direction-mikolajki\"\n               class=\"ngg-fancybox\" rel=\"fadce6f9de1339f039a774b6fc3e74e3\">\n                <img class=\"colorbox-848\" \n                    title=\"1-wszy dzie\u00c5\u201e \u00c5\u00bceglowania - kierunek Miko\u00c5\u201aajki\"\n                    alt=\"1-wszy dzie\u00c5\u201e \u00c5\u00bceglowania - kierunek Miko\u00c5\u201aajki\"\n                    src=\"http:\/\/hb.gracz.pro\/wp-content\/gallery\/mazury-2011\/thumbs\/thumbs_mazury-2011-010.jpg\"\n                    width=\"100\"\n                    height=\"75\"\n                    style=\"max-width:100%;\"\n                \/>\n            <\/a>\n        <\/div>\n\t\t\t\t\t\t\t<\/div> \n\t\t\t\n        \n\t\t\t\t<div id=\"ngg-image-2\" class=\"ngg-gallery-thumbnail-box\" >\n\t\t\t\t        <div class=\"ngg-gallery-thumbnail\">\n            <a href=\"http:\/\/hb.gracz.pro\/wp-content\/gallery\/mazury-2011\/mazury-2011-011.jpg\"\n               title=\"Bronek u steru\"\n               data-src=\"http:\/\/hb.gracz.pro\/wp-content\/gallery\/mazury-2011\/mazury-2011-011.jpg\"\n               data-thumbnail=\"http:\/\/hb.gracz.pro\/wp-content\/gallery\/mazury-2011\/thumbs\/thumbs_mazury-2011-011.jpg\"\n               data-image-id=\"1595\"\n               data-title=\"Bronek u steru\"\n               data-description=\"Bronek u steru\"\n               data-image-slug=\"bronek-at-the-helm\"\n               class=\"ngg-fancybox\" rel=\"fadce6f9de1339f039a774b6fc3e74e3\">\n                <img class=\"colorbox-848\" \n                    title=\"Bronek u steru\"\n                    alt=\"Bronek u steru\"\n                    src=\"http:\/\/hb.gracz.pro\/wp-content\/gallery\/mazury-2011\/thumbs\/thumbs_mazury-2011-011.jpg\"\n                    width=\"100\"\n                    height=\"75\"\n                    style=\"max-width:100%;\"\n                \/>\n            <\/a>\n        <\/div>\n\t\t\t\t\t\t\t<\/div> \n\t\t\t\n        \n\t\t\t\t<div id=\"ngg-image-3\" class=\"ngg-gallery-thumbnail-box\" >\n\t\t\t\t        <div class=\"ngg-gallery-thumbnail\">\n            <a href=\"http:\/\/hb.gracz.pro\/wp-content\/gallery\/mazury-2011\/mazury-2011-02.jpg\"\n               title=\"\u00c5\u0081ukasz u steru\"\n               data-src=\"http:\/\/hb.gracz.pro\/wp-content\/gallery\/mazury-2011\/mazury-2011-02.jpg\"\n               data-thumbnail=\"http:\/\/hb.gracz.pro\/wp-content\/gallery\/mazury-2011\/thumbs\/thumbs_mazury-2011-02.jpg\"\n               data-image-id=\"1596\"\n               data-title=\"\u00c5\u0081ukasz u steru\"\n               data-description=\"\u00c5\u0081ukasz u steru\"\n               data-image-slug=\"lukasz-at-the-helm\"\n               class=\"ngg-fancybox\" rel=\"fadce6f9de1339f039a774b6fc3e74e3\">\n                <img class=\"colorbox-848\" \n                    title=\"\u00c5\u0081ukasz u steru\"\n                    alt=\"\u00c5\u0081ukasz u steru\"\n                    src=\"http:\/\/hb.gracz.pro\/wp-content\/gallery\/mazury-2011\/thumbs\/thumbs_mazury-2011-02.jpg\"\n                    width=\"100\"\n                    height=\"75\"\n                    style=\"max-width:100%;\"\n                \/>\n            <\/a>\n        <\/div>\n\t\t\t\t\t\t\t<\/div> \n\t\t\t\n        \n\t\t\t\t<div id=\"ngg-image-4\" class=\"ngg-gallery-thumbnail-box\" >\n\t\t\t\t        <div class=\"ngg-gallery-thumbnail\">\n            <a href=\"http:\/\/hb.gracz.pro\/wp-content\/gallery\/mazury-2011\/mazury-2011-03.jpg\"\n               title=\"Bronek &amp; Staszek, Marina Zielony Gay, Mazury\"\n               data-src=\"http:\/\/hb.gracz.pro\/wp-content\/gallery\/mazury-2011\/mazury-2011-03.jpg\"\n               data-thumbnail=\"http:\/\/hb.gracz.pro\/wp-content\/gallery\/mazury-2011\/thumbs\/thumbs_mazury-2011-03.jpg\"\n               data-image-id=\"1597\"\n               data-title=\"Bronek &amp; Staszek, Marina Zielony Gay, Mazury\"\n               data-description=\"Bronek &amp; Staszek, Marina Zielony Gay, Mazury\"\n               data-image-slug=\"bronek-staszek-marina-zielony-gaj-mazury-poland\"\n               class=\"ngg-fancybox\" rel=\"fadce6f9de1339f039a774b6fc3e74e3\">\n                <img class=\"colorbox-848\" \n                    title=\"Bronek &amp; Staszek, Marina Zielony Gay, Mazury\"\n                    alt=\"Bronek &amp; Staszek, Marina Zielony Gay, Mazury\"\n                    src=\"http:\/\/hb.gracz.pro\/wp-content\/gallery\/mazury-2011\/thumbs\/thumbs_mazury-2011-03.jpg\"\n                    width=\"100\"\n                    height=\"75\"\n                    style=\"max-width:100%;\"\n                \/>\n            <\/a>\n        <\/div>\n\t\t\t\t\t\t\t<\/div> \n\t\t\t\n        \n\t\t\t\t<div id=\"ngg-image-5\" class=\"ngg-gallery-thumbnail-box\" >\n\t\t\t\t        <div class=\"ngg-gallery-thumbnail\">\n            <a href=\"http:\/\/hb.gracz.pro\/wp-content\/gallery\/mazury-2011\/mazury-2011-04.jpg\"\n               title=\"Staszek, Marina Zielony Gaj, Mazury\"\n               data-src=\"http:\/\/hb.gracz.pro\/wp-content\/gallery\/mazury-2011\/mazury-2011-04.jpg\"\n               data-thumbnail=\"http:\/\/hb.gracz.pro\/wp-content\/gallery\/mazury-2011\/thumbs\/thumbs_mazury-2011-04.jpg\"\n               data-image-id=\"1598\"\n               data-title=\"Staszek, Marina Zielony Gaj, Mazury\"\n               data-description=\"Staszek, Marina Zielony Gaj, Mazury\"\n               data-image-slug=\"staszek-marina-zielony-gaj-mazury-poland\"\n               class=\"ngg-fancybox\" rel=\"fadce6f9de1339f039a774b6fc3e74e3\">\n                <img class=\"colorbox-848\" \n                    title=\"Staszek, Marina Zielony Gaj, Mazury\"\n                    alt=\"Staszek, Marina Zielony Gaj, Mazury\"\n                    src=\"http:\/\/hb.gracz.pro\/wp-content\/gallery\/mazury-2011\/thumbs\/thumbs_mazury-2011-04.jpg\"\n                    width=\"100\"\n                    height=\"75\"\n                    style=\"max-width:100%;\"\n                \/>\n            <\/a>\n        <\/div>\n\t\t\t\t\t\t\t<\/div> \n\t\t\t\n        \n\t\t\t\t<div id=\"ngg-image-6\" class=\"ngg-gallery-thumbnail-box\" >\n\t\t\t\t        <div class=\"ngg-gallery-thumbnail\">\n            <a href=\"http:\/\/hb.gracz.pro\/wp-content\/gallery\/mazury-2011\/mazury-2011-05.jpg\"\n               title=\"Marina Zielony Gaj, Mazury\"\n               data-src=\"http:\/\/hb.gracz.pro\/wp-content\/gallery\/mazury-2011\/mazury-2011-05.jpg\"\n               data-thumbnail=\"http:\/\/hb.gracz.pro\/wp-content\/gallery\/mazury-2011\/thumbs\/thumbs_mazury-2011-05.jpg\"\n               data-image-id=\"1599\"\n               data-title=\"Marina Zielony Gaj, Mazury\"\n               data-description=\"Marina Zielony Gaj, Mazury\"\n               data-image-slug=\"marina-zielony-gaj-mazury-poland\"\n               class=\"ngg-fancybox\" rel=\"fadce6f9de1339f039a774b6fc3e74e3\">\n                <img class=\"colorbox-848\" \n                    title=\"Marina Zielony Gaj, Mazury\"\n                    alt=\"Marina Zielony Gaj, Mazury\"\n                    src=\"http:\/\/hb.gracz.pro\/wp-content\/gallery\/mazury-2011\/thumbs\/thumbs_mazury-2011-05.jpg\"\n                    width=\"100\"\n                    height=\"75\"\n                    style=\"max-width:100%;\"\n                \/>\n            <\/a>\n        <\/div>\n\t\t\t\t\t\t\t<\/div> \n\t\t\t\n        \n\t\t\t\t<div id=\"ngg-image-7\" class=\"ngg-gallery-thumbnail-box\" >\n\t\t\t\t        <div class=\"ngg-gallery-thumbnail\">\n            <a href=\"http:\/\/hb.gracz.pro\/wp-content\/gallery\/mazury-2011\/mazury-2011-06.jpg\"\n               title=\"Hanne &amp; Bronek, Marina Zielony Gaj, Mazury\"\n               data-src=\"http:\/\/hb.gracz.pro\/wp-content\/gallery\/mazury-2011\/mazury-2011-06.jpg\"\n               data-thumbnail=\"http:\/\/hb.gracz.pro\/wp-content\/gallery\/mazury-2011\/thumbs\/thumbs_mazury-2011-06.jpg\"\n               data-image-id=\"1600\"\n               data-title=\"Hanne &amp; Bronek, Marina Zielony Gaj, Mazury\"\n               data-description=\"Hanne &amp; Bronek, Marina Zielony Gaj, Mazury\"\n               data-image-slug=\"hanne-bronek-marina-zielony-gaj-mazury-poland\"\n               class=\"ngg-fancybox\" rel=\"fadce6f9de1339f039a774b6fc3e74e3\">\n                <img class=\"colorbox-848\" \n                    title=\"Hanne &amp; Bronek, Marina Zielony Gaj, Mazury\"\n                    alt=\"Hanne &amp; Bronek, Marina Zielony Gaj, Mazury\"\n                    src=\"http:\/\/hb.gracz.pro\/wp-content\/gallery\/mazury-2011\/thumbs\/thumbs_mazury-2011-06.jpg\"\n                    width=\"100\"\n                    height=\"75\"\n                    style=\"max-width:100%;\"\n                \/>\n            <\/a>\n        <\/div>\n\t\t\t\t\t\t\t<\/div> \n\t\t\t\n        \n\t\t\t\t<div id=\"ngg-image-8\" class=\"ngg-gallery-thumbnail-box\" >\n\t\t\t\t        <div class=\"ngg-gallery-thumbnail\">\n            <a href=\"http:\/\/hb.gracz.pro\/wp-content\/gallery\/mazury-2011\/mazury-2011-07.jpg\"\n               title=\"Hanne, Bronek i stopa, Marina Zielony Gaj, Mazury\"\n               data-src=\"http:\/\/hb.gracz.pro\/wp-content\/gallery\/mazury-2011\/mazury-2011-07.jpg\"\n               data-thumbnail=\"http:\/\/hb.gracz.pro\/wp-content\/gallery\/mazury-2011\/thumbs\/thumbs_mazury-2011-07.jpg\"\n               data-image-id=\"1601\"\n               data-title=\"Hanne, Bronek i stopa, Marina Zielony Gaj, Mazury\"\n               data-description=\"Hanne, Bronek i stopa, Marina Zielony Gaj, Mazury\"\n               data-image-slug=\"hanne-bronek-feet-marina-zielony-gaj-mazury-poland\"\n               class=\"ngg-fancybox\" rel=\"fadce6f9de1339f039a774b6fc3e74e3\">\n                <img class=\"colorbox-848\" \n                    title=\"Hanne, Bronek i stopa, Marina Zielony Gaj, Mazury\"\n                    alt=\"Hanne, Bronek i stopa, Marina Zielony Gaj, Mazury\"\n                    src=\"http:\/\/hb.gracz.pro\/wp-content\/gallery\/mazury-2011\/thumbs\/thumbs_mazury-2011-07.jpg\"\n                    width=\"100\"\n                    height=\"75\"\n                    style=\"max-width:100%;\"\n                \/>\n            <\/a>\n        <\/div>\n\t\t\t\t\t\t\t<\/div> \n\t\t\t\n        \n\t\t\t\t<div id=\"ngg-image-9\" class=\"ngg-gallery-thumbnail-box\" >\n\t\t\t\t        <div class=\"ngg-gallery-thumbnail\">\n            <a href=\"http:\/\/hb.gracz.pro\/wp-content\/gallery\/mazury-2011\/mazury-2011-08.jpg\"\n               title=\"Hanne $ Bronek, Marina Zielony Gaj, Mazury\"\n               data-src=\"http:\/\/hb.gracz.pro\/wp-content\/gallery\/mazury-2011\/mazury-2011-08.jpg\"\n               data-thumbnail=\"http:\/\/hb.gracz.pro\/wp-content\/gallery\/mazury-2011\/thumbs\/thumbs_mazury-2011-08.jpg\"\n               data-image-id=\"1602\"\n               data-title=\"Hanne $ Bronek, Marina Zielony Gaj, Mazury\"\n               data-description=\"Hanne $ Bronek, Marina Zielony Gaj, Mazury\"\n               data-image-slug=\"hanne-bronek-marina-zielony-gaj-mazury-poland-2\"\n               class=\"ngg-fancybox\" rel=\"fadce6f9de1339f039a774b6fc3e74e3\">\n                <img class=\"colorbox-848\" \n                    title=\"Hanne $ Bronek, Marina Zielony Gaj, Mazury\"\n                    alt=\"Hanne $ Bronek, Marina Zielony Gaj, Mazury\"\n                    src=\"http:\/\/hb.gracz.pro\/wp-content\/gallery\/mazury-2011\/thumbs\/thumbs_mazury-2011-08.jpg\"\n                    width=\"100\"\n                    height=\"75\"\n                    style=\"max-width:100%;\"\n                \/>\n            <\/a>\n        <\/div>\n\t\t\t\t\t\t\t<\/div> \n\t\t\t\n        \n\t\t\t\t<div id=\"ngg-image-10\" class=\"ngg-gallery-thumbnail-box\" >\n\t\t\t\t        <div class=\"ngg-gallery-thumbnail\">\n            <a href=\"http:\/\/hb.gracz.pro\/wp-content\/gallery\/mazury-2011\/mazury-2011-09.jpg\"\n               title=\"Hanne $ Bronek, Marina Zielony Gaj, Mazury\"\n               data-src=\"http:\/\/hb.gracz.pro\/wp-content\/gallery\/mazury-2011\/mazury-2011-09.jpg\"\n               data-thumbnail=\"http:\/\/hb.gracz.pro\/wp-content\/gallery\/mazury-2011\/thumbs\/thumbs_mazury-2011-09.jpg\"\n               data-image-id=\"1603\"\n               data-title=\"Hanne $ Bronek, Marina Zielony Gaj, Mazury\"\n               data-description=\"Hanne $ Bronek, Marina Zielony Gaj, Mazury\"\n               data-image-slug=\"hanne-bronek-marina-zielony-gaj-mazury-poland-3\"\n               class=\"ngg-fancybox\" rel=\"fadce6f9de1339f039a774b6fc3e74e3\">\n                <img class=\"colorbox-848\" \n                    title=\"Hanne $ Bronek, Marina Zielony Gaj, Mazury\"\n                    alt=\"Hanne $ Bronek, Marina Zielony Gaj, Mazury\"\n                    src=\"http:\/\/hb.gracz.pro\/wp-content\/gallery\/mazury-2011\/thumbs\/thumbs_mazury-2011-09.jpg\"\n                    width=\"100\"\n                    height=\"75\"\n                    style=\"max-width:100%;\"\n                \/>\n            <\/a>\n        <\/div>\n\t\t\t\t\t\t\t<\/div> \n\t\t\t\n        \n\t\t\t\t<div id=\"ngg-image-11\" class=\"ngg-gallery-thumbnail-box\" >\n\t\t\t\t        <div class=\"ngg-gallery-thumbnail\">\n            <a href=\"http:\/\/hb.gracz.pro\/wp-content\/gallery\/mazury-2011\/mazury-2011-12.jpg\"\n               title=\"Captain Captain Staszek radiooperuje\"\n               data-src=\"http:\/\/hb.gracz.pro\/wp-content\/gallery\/mazury-2011\/mazury-2011-12.jpg\"\n               data-thumbnail=\"http:\/\/hb.gracz.pro\/wp-content\/gallery\/mazury-2011\/thumbs\/thumbs_mazury-2011-12.jpg\"\n               data-image-id=\"1606\"\n               data-title=\"Captain Captain Staszek radiooperuje\"\n               data-description=\"Captain Captain Staszek radiooperuje\"\n               data-image-slug=\"captain-captain-staszek-radioes\"\n               class=\"ngg-fancybox\" rel=\"fadce6f9de1339f039a774b6fc3e74e3\">\n                <img class=\"colorbox-848\" \n                    title=\"Captain Captain Staszek radiooperuje\"\n                    alt=\"Captain Captain Staszek radiooperuje\"\n                    src=\"http:\/\/hb.gracz.pro\/wp-content\/gallery\/mazury-2011\/thumbs\/thumbs_mazury-2011-12.jpg\"\n                    width=\"100\"\n                    height=\"75\"\n                    style=\"max-width:100%;\"\n                \/>\n            <\/a>\n        <\/div>\n\t\t\t\t\t\t\t<\/div> \n\t\t\t\n        \n\t\t\t\t<div id=\"ngg-image-12\" class=\"ngg-gallery-thumbnail-box\" >\n\t\t\t\t        <div class=\"ngg-gallery-thumbnail\">\n            <a href=\"http:\/\/hb.gracz.pro\/wp-content\/gallery\/mazury-2011\/mazury-2011-13.jpg\"\n               title=\"Bronek i \u00c5\u0081ukasz na jez. Ta\u00c5\u201aty, Mazury\"\n               data-src=\"http:\/\/hb.gracz.pro\/wp-content\/gallery\/mazury-2011\/mazury-2011-13.jpg\"\n               data-thumbnail=\"http:\/\/hb.gracz.pro\/wp-content\/gallery\/mazury-2011\/thumbs\/thumbs_mazury-2011-13.jpg\"\n               data-image-id=\"1607\"\n               data-title=\"Bronek i \u00c5\u0081ukasz na jez. Ta\u00c5\u201aty, Mazury\"\n               data-description=\"Bronek i \u00c5\u0081ukasz na jez. Ta\u00c5\u201aty, Mazury\"\n               data-image-slug=\"bronek-lukasz-on-talty-lake-mazury-poland\"\n               class=\"ngg-fancybox\" rel=\"fadce6f9de1339f039a774b6fc3e74e3\">\n                <img class=\"colorbox-848\" \n                    title=\"Bronek i \u00c5\u0081ukasz na jez. Ta\u00c5\u201aty, Mazury\"\n                    alt=\"Bronek i \u00c5\u0081ukasz na jez. Ta\u00c5\u201aty, Mazury\"\n                    src=\"http:\/\/hb.gracz.pro\/wp-content\/gallery\/mazury-2011\/thumbs\/thumbs_mazury-2011-13.jpg\"\n                    width=\"100\"\n                    height=\"75\"\n                    style=\"max-width:100%;\"\n                \/>\n            <\/a>\n        <\/div>\n\t\t\t\t\t\t\t<\/div> \n\t\t\t\n        \n\t\t\t\t<div id=\"ngg-image-13\" class=\"ngg-gallery-thumbnail-box\" >\n\t\t\t\t        <div class=\"ngg-gallery-thumbnail\">\n            <a href=\"http:\/\/hb.gracz.pro\/wp-content\/gallery\/mazury-2011\/mazury-2011-14.jpg\"\n               title=\"Za\u00c5\u201aoga B na Evelyn 4, naszej drugiej \u00c5\u201a\u00c3\u00b3dce\"\n               data-src=\"http:\/\/hb.gracz.pro\/wp-content\/gallery\/mazury-2011\/mazury-2011-14.jpg\"\n               data-thumbnail=\"http:\/\/hb.gracz.pro\/wp-content\/gallery\/mazury-2011\/thumbs\/thumbs_mazury-2011-14.jpg\"\n               data-image-id=\"1608\"\n               data-title=\"Za\u00c5\u201aoga B na Evelyn 4, naszej drugiej \u00c5\u201a\u00c3\u00b3dce\"\n               data-description=\"Za\u00c5\u201aoga B na Evelyn 4, naszej drugiej \u00c5\u201a\u00c3\u00b3dce\"\n               data-image-slug=\"crew-b-on-evelyn-4-our-other-boat\"\n               class=\"ngg-fancybox\" rel=\"fadce6f9de1339f039a774b6fc3e74e3\">\n                <img class=\"colorbox-848\" \n                    title=\"Za\u00c5\u201aoga B na Evelyn 4, naszej drugiej \u00c5\u201a\u00c3\u00b3dce\"\n                    alt=\"Za\u00c5\u201aoga B na Evelyn 4, naszej drugiej \u00c5\u201a\u00c3\u00b3dce\"\n                    src=\"http:\/\/hb.gracz.pro\/wp-content\/gallery\/mazury-2011\/thumbs\/thumbs_mazury-2011-14.jpg\"\n                    width=\"100\"\n                    height=\"75\"\n                    style=\"max-width:100%;\"\n                \/>\n            <\/a>\n        <\/div>\n\t\t\t\t\t\t\t<\/div> \n\t\t\t\n        \n\t\t\t\t<div id=\"ngg-image-14\" class=\"ngg-gallery-thumbnail-box\" >\n\t\t\t\t        <div class=\"ngg-gallery-thumbnail\">\n            <a href=\"http:\/\/hb.gracz.pro\/wp-content\/gallery\/mazury-2011\/mazury-2011-15.jpg\"\n               title=\"Staszek i Za\u00c5\u201aoga B na Evelyn 4, naszej drugiej \u00c5\u201a\u00c3\u00b3dce\"\n               data-src=\"http:\/\/hb.gracz.pro\/wp-content\/gallery\/mazury-2011\/mazury-2011-15.jpg\"\n               data-thumbnail=\"http:\/\/hb.gracz.pro\/wp-content\/gallery\/mazury-2011\/thumbs\/thumbs_mazury-2011-15.jpg\"\n               data-image-id=\"1609\"\n               data-title=\"Staszek i Za\u00c5\u201aoga B na Evelyn 4 naszej drugiej \u00c5\u201a\u00c3\u00b3dce\"\n               data-description=\"Staszek i Za\u00c5\u201aoga B na Evelyn 4, naszej drugiej \u00c5\u201a\u00c3\u00b3dce\"\n               data-image-slug=\"staszek-crew-b-on-evelyn-4-our-other-boat\"\n               class=\"ngg-fancybox\" rel=\"fadce6f9de1339f039a774b6fc3e74e3\">\n                <img class=\"colorbox-848\" \n                    title=\"Staszek i Za\u00c5\u201aoga B na Evelyn 4 naszej drugiej \u00c5\u201a\u00c3\u00b3dce\"\n                    alt=\"Staszek i Za\u00c5\u201aoga B na Evelyn 4 naszej drugiej \u00c5\u201a\u00c3\u00b3dce\"\n                    src=\"http:\/\/hb.gracz.pro\/wp-content\/gallery\/mazury-2011\/thumbs\/thumbs_mazury-2011-15.jpg\"\n                    width=\"100\"\n                    height=\"75\"\n                    style=\"max-width:100%;\"\n                \/>\n            <\/a>\n        <\/div>\n\t\t\t\t\t\t\t<\/div> \n\t\t\t\n        \n\t\t\t\t<div id=\"ngg-image-15\" class=\"ngg-gallery-thumbnail-box\" >\n\t\t\t\t        <div class=\"ngg-gallery-thumbnail\">\n            <a href=\"http:\/\/hb.gracz.pro\/wp-content\/gallery\/mazury-2011\/mazury-2011-16.jpg\"\n               title=\"Za\u00c5\u201aoga B Evelyn 4 naszej drugiej \u00c5\u201a\u00c3\u00b3dce\"\n               data-src=\"http:\/\/hb.gracz.pro\/wp-content\/gallery\/mazury-2011\/mazury-2011-16.jpg\"\n               data-thumbnail=\"http:\/\/hb.gracz.pro\/wp-content\/gallery\/mazury-2011\/thumbs\/thumbs_mazury-2011-16.jpg\"\n               data-image-id=\"1610\"\n               data-title=\"Za\u00c5\u201aoga B Evelyn 4 naszej drugiej \u00c5\u201a\u00c3\u00b3dce\"\n               data-description=\"Za\u00c5\u201aoga B Evelyn 4 naszej drugiej \u00c5\u201a\u00c3\u00b3dce\"\n               data-image-slug=\"crew-b-on-evelyn-4-our-other-boat-2\"\n               class=\"ngg-fancybox\" rel=\"fadce6f9de1339f039a774b6fc3e74e3\">\n                <img class=\"colorbox-848\" \n                    title=\"Za\u00c5\u201aoga B Evelyn 4 naszej drugiej \u00c5\u201a\u00c3\u00b3dce\"\n                    alt=\"Za\u00c5\u201aoga B Evelyn 4 naszej drugiej \u00c5\u201a\u00c3\u00b3dce\"\n                    src=\"http:\/\/hb.gracz.pro\/wp-content\/gallery\/mazury-2011\/thumbs\/thumbs_mazury-2011-16.jpg\"\n                    width=\"100\"\n                    height=\"75\"\n                    style=\"max-width:100%;\"\n                \/>\n            <\/a>\n        <\/div>\n\t\t\t\t\t\t\t<\/div> \n\t\t\t\n        \n\t\t\t\t<div id=\"ngg-image-16\" class=\"ngg-gallery-thumbnail-box\" >\n\t\t\t\t        <div class=\"ngg-gallery-thumbnail\">\n            <a href=\"http:\/\/hb.gracz.pro\/wp-content\/gallery\/mazury-2011\/mazury-2011-17.jpg\"\n               title=\"Bia\u00c5\u201aa Flota\"\n               data-src=\"http:\/\/hb.gracz.pro\/wp-content\/gallery\/mazury-2011\/mazury-2011-17.jpg\"\n               data-thumbnail=\"http:\/\/hb.gracz.pro\/wp-content\/gallery\/mazury-2011\/thumbs\/thumbs_mazury-2011-17.jpg\"\n               data-image-id=\"1611\"\n               data-title=\"Bia\u00c5\u201aa Flota\"\n               data-description=\"Bia\u00c5\u201aa Flota\"\n               data-image-slug=\"the-white-fleet\"\n               class=\"ngg-fancybox\" rel=\"fadce6f9de1339f039a774b6fc3e74e3\">\n                <img class=\"colorbox-848\" \n                    title=\"Bia\u00c5\u201aa Flota\"\n                    alt=\"Bia\u00c5\u201aa Flota\"\n                    src=\"http:\/\/hb.gracz.pro\/wp-content\/gallery\/mazury-2011\/thumbs\/thumbs_mazury-2011-17.jpg\"\n                    width=\"100\"\n                    height=\"75\"\n                    style=\"max-width:100%;\"\n                \/>\n            <\/a>\n        <\/div>\n\t\t\t\t\t\t\t<\/div> \n\t\t\t\n        \n\t\t\t\t<div id=\"ngg-image-17\" class=\"ngg-gallery-thumbnail-box\" >\n\t\t\t\t        <div class=\"ngg-gallery-thumbnail\">\n            <a href=\"http:\/\/hb.gracz.pro\/wp-content\/gallery\/mazury-2011\/mazury-2011-18.jpg\"\n               title=\"Kto steruje?\"\n               data-src=\"http:\/\/hb.gracz.pro\/wp-content\/gallery\/mazury-2011\/mazury-2011-18.jpg\"\n               data-thumbnail=\"http:\/\/hb.gracz.pro\/wp-content\/gallery\/mazury-2011\/thumbs\/thumbs_mazury-2011-18.jpg\"\n               data-image-id=\"1612\"\n               data-title=\"Kto steruje?\"\n               data-description=\"Kto steruje?\"\n               data-image-slug=\"who-is-steering\"\n               class=\"ngg-fancybox\" rel=\"fadce6f9de1339f039a774b6fc3e74e3\">\n                <img class=\"colorbox-848\" \n                    title=\"Kto steruje?\"\n                    alt=\"Kto steruje?\"\n                    src=\"http:\/\/hb.gracz.pro\/wp-content\/gallery\/mazury-2011\/thumbs\/thumbs_mazury-2011-18.jpg\"\n                    width=\"100\"\n                    height=\"75\"\n                    style=\"max-width:100%;\"\n                \/>\n            <\/a>\n        <\/div>\n\t\t\t\t\t\t\t<\/div> \n\t\t\t\n        \n\t\t\t\t<div id=\"ngg-image-18\" class=\"ngg-gallery-thumbnail-box\" >\n\t\t\t\t        <div class=\"ngg-gallery-thumbnail\">\n            <a href=\"http:\/\/hb.gracz.pro\/wp-content\/gallery\/mazury-2011\/mazury-2011-19.jpg\"\n               title=\"Bronek \u00c5\u0081ukasz &amp; Paula na jez. Ta\u00c5\u201aty, Mazury\"\n               data-src=\"http:\/\/hb.gracz.pro\/wp-content\/gallery\/mazury-2011\/mazury-2011-19.jpg\"\n               data-thumbnail=\"http:\/\/hb.gracz.pro\/wp-content\/gallery\/mazury-2011\/thumbs\/thumbs_mazury-2011-19.jpg\"\n               data-image-id=\"1613\"\n               data-title=\"Bronek \u00c5\u0081ukasz &amp; Paula na jez. Ta\u00c5\u201aty, Mazury\"\n               data-description=\"Bronek \u00c5\u0081ukasz &amp; Paula na jez. Ta\u00c5\u201aty, Mazury\"\n               data-image-slug=\"bronek-lukasz-paula-on-talty-lake-mazury-poland\"\n               class=\"ngg-fancybox\" rel=\"fadce6f9de1339f039a774b6fc3e74e3\">\n                <img class=\"colorbox-848\" \n                    title=\"Bronek \u00c5\u0081ukasz &amp; Paula na jez. Ta\u00c5\u201aty, Mazury\"\n                    alt=\"Bronek \u00c5\u0081ukasz &amp; Paula na jez. Ta\u00c5\u201aty, Mazury\"\n                    src=\"http:\/\/hb.gracz.pro\/wp-content\/gallery\/mazury-2011\/thumbs\/thumbs_mazury-2011-19.jpg\"\n                    width=\"100\"\n                    height=\"75\"\n                    style=\"max-width:100%;\"\n                \/>\n            <\/a>\n        <\/div>\n\t\t\t\t\t\t\t<\/div> \n\t\t\t\n        \n\t\t\t\t<div id=\"ngg-image-19\" class=\"ngg-gallery-thumbnail-box\" >\n\t\t\t\t        <div class=\"ngg-gallery-thumbnail\">\n            <a href=\"http:\/\/hb.gracz.pro\/wp-content\/gallery\/mazury-2011\/mazury-2011-20.jpg\"\n               title=\"Bronek, \u00c5\u0081ukasz &amp; Paula na jez. Ta\u00c5\u201aty, Mazury\"\n               data-src=\"http:\/\/hb.gracz.pro\/wp-content\/gallery\/mazury-2011\/mazury-2011-20.jpg\"\n               data-thumbnail=\"http:\/\/hb.gracz.pro\/wp-content\/gallery\/mazury-2011\/thumbs\/thumbs_mazury-2011-20.jpg\"\n               data-image-id=\"1614\"\n               data-title=\"Bronek, \u00c5\u0081ukasz &amp; Paula na jez. Ta\u00c5\u201aty, Mazury\"\n               data-description=\"Bronek, \u00c5\u0081ukasz &amp; Paula na jez. Ta\u00c5\u201aty, Mazury\"\n               data-image-slug=\"bronek-lukasz-paula-on-talty-lake-mazury-poland-2\"\n               class=\"ngg-fancybox\" rel=\"fadce6f9de1339f039a774b6fc3e74e3\">\n                <img class=\"colorbox-848\" \n                    title=\"Bronek, \u00c5\u0081ukasz &amp; Paula na jez. Ta\u00c5\u201aty, Mazury\"\n                    alt=\"Bronek, \u00c5\u0081ukasz &amp; Paula na jez. Ta\u00c5\u201aty, Mazury\"\n                    src=\"http:\/\/hb.gracz.pro\/wp-content\/gallery\/mazury-2011\/thumbs\/thumbs_mazury-2011-20.jpg\"\n                    width=\"100\"\n                    height=\"75\"\n                    style=\"max-width:100%;\"\n                \/>\n            <\/a>\n        <\/div>\n\t\t\t\t\t\t\t<\/div> \n\t\t\t\n        \n\t\t\n\t\t<!-- Pagination -->\n\t<div class='ngg-navigation'><span class='current'>1<\/span>\n<a class='page-numbers' data-pageid='2' href='http:\/\/hb.gracz.pro\/pl\/2011\/08\/848\/masuria-2011\/nggallery\/page\/2'>2<\/a>\n<span class='ellipsis'>...<\/span>\n<a class='page-numbers' data-pageid='6' href='http:\/\/hb.gracz.pro\/pl\/2011\/08\/848\/masuria-2011\/nggallery\/page\/6'>6<\/a>\n<a class='prev' href='http:\/\/hb.gracz.pro\/pl\/2011\/08\/848\/masuria-2011\/nggallery\/page\/2' data-pageid=2>&#9658;<\/a><\/div>\t<\/div>\n<\/p>","protected":false},"excerpt":{"rendered":"<p>Na lato 2011 z dawien dawna mieli\u015bmy zaplanowane wakacje we dwoje. M\u00f3j gotowy dyplom mia\u0142 czeka\u0107 na obron\u0119 podczas gdy Hanne i ja b\u0119dziemy si\u0119 wygrzewa\u0107 w Chorwacji. Joka, organizacja Caritas skupiaj\u0105ca wolontariuszy pomagaj\u0105cych w domach dla os\u00f3b starszych, zaproponowa\u0142a swojej weterance &#8211; mojej Hanne &#8211; 10-dniowy wyjazd na wolontariat do Izraela, w sierpniu, w [&hellip;]<\/p>\n","protected":false},"author":1,"featured_media":0,"comment_status":"open","ping_status":"open","sticky":false,"template":"","format":"standard","meta":{"ngg_post_thumbnail":0},"categories":[155],"tags":[224,275,274,225,223,216,217,215,271,286,218,222,227,226,219,221],"_links":{"self":[{"href":"http:\/\/hb.gracz.pro\/pl\/wp-json\/wp\/v2\/posts\/848"}],"collection":[{"href":"http:\/\/hb.gracz.pro\/pl\/wp-json\/wp\/v2\/posts"}],"about":[{"href":"http:\/\/hb.gracz.pro\/pl\/wp-json\/wp\/v2\/types\/post"}],"author":[{"embeddable":true,"href":"http:\/\/hb.gracz.pro\/pl\/wp-json\/wp\/v2\/users\/1"}],"replies":[{"embeddable":true,"href":"http:\/\/hb.gracz.pro\/pl\/wp-json\/wp\/v2\/comments?post=848"}],"version-history":[{"count":46,"href":"http:\/\/hb.gracz.pro\/pl\/wp-json\/wp\/v2\/posts\/848\/revisions"}],"predecessor-version":[{"id":1064,"href":"http:\/\/hb.gracz.pro\/pl\/wp-json\/wp\/v2\/posts\/848\/revisions\/1064"}],"wp:attachment":[{"href":"http:\/\/hb.gracz.pro\/pl\/wp-json\/wp\/v2\/media?parent=848"}],"wp:term":[{"taxonomy":"category","embeddable":true,"href":"http:\/\/hb.gracz.pro\/pl\/wp-json\/wp\/v2\/categories?post=848"},{"taxonomy":"post_tag","embeddable":true,"href":"http:\/\/hb.gracz.pro\/pl\/wp-json\/wp\/v2\/tags?post=848"}],"curies":[{"name":"wp","href":"https:\/\/api.w.org\/{rel}","templated":true}]}}